{"id":2784,"date":"2025-12-22T11:00:00","date_gmt":"2025-12-22T11:00:00","guid":{"rendered":"https:\/\/tekohaparana.com.ar\/web\/?p=2784"},"modified":"2025-12-21T01:28:18","modified_gmt":"2025-12-21T01:28:18","slug":"todos-los-uno-en-mi","status":"publish","type":"post","link":"https:\/\/tekohaparana.com.ar\/web\/todos-los-uno-en-mi\/","title":{"rendered":"Todos los uno en m\u00ed"},"content":{"rendered":"\n<h2 class=\"wp-block-heading\">A veces vida y obra son parte de una misma escritura. Este parece ser el caso de Silvia K\u00e1ter, un personaje que visit\u00f3 Paran\u00e1 para alentar los inclaudicables sue\u00f1os de quijote en tiempos de pastillas para dormir. La historia de la artista argentina, radicada en M\u00e9xico, est\u00e1 repleta de situaciones en que lo sombr\u00edo permite que resalte lo que realmente brilla.<\/h2>\n\n\n\n<p><\/p>\n\n\n\n<p>El p\u00fablico que desbord\u00f3 el espacio principal de Casa Boulevard \/ Sala Metamorfosis para disfrutar de Don Quijote. Historias andantes, un domingo a la noche de noviembre, no sospech\u00f3 que la puesta en escena de la que disfrut\u00f3 era, adem\u00e1s de bello y laborioso dispositivo teatral, una met\u00e1fora de la vida de su protagonista, Silvia K\u00e1ter, y una metonimia de sus convicciones art\u00edsticas y pol\u00edticas.<br>Ciudadana mexicana naturalizada, hace cuatro d\u00e9cadas K\u00e1ter arm\u00f3 su bolso argentino y se dedic\u00f3 a andar por senderos espectrales, muchas veces abri\u00e9ndoles la selva a machete y tes\u00f3n. Cambi\u00f3 los caminos serpenteantes de su Catamarca natal, la rocosidad semi\u00e1rida de su horizonte, su parsimonioso disfrute del rico acervo folkl\u00f3rico, por la exuberancia de un paisaje vegetal y cultural abierto al mar llamado M\u00e9rida, a 8.000 kil\u00f3metros de donde creci\u00f3, tambi\u00e9n con fuerte presencia de tradici\u00f3n espa\u00f1ola, aunque m\u00e1s cosmopolita y colorida, inscripta en otra escala urban\u00edstica, con amaneceres de ensue\u00f1o y anocheceres intensos.<br>El Golfo de M\u00e9xico es testigo de que M\u00e9rida es un faro cultural y educativo. En ese contexto, K\u00e1ter se hizo de un renombre, construy\u00f3 un lugar de respeto, aprendi\u00f3 a ser amiga de sus amigos y tuvo en claro que a sus adversarios los enfrentar\u00eda con el gesto comprometido de la po\u00e9tica, campo de batalla donde se sienten m\u00e1s inc\u00f3modos.<\/p>\n\n\n\n<figure class=\"wp-block-image size-large\"><img loading=\"lazy\" decoding=\"async\" width=\"1024\" height=\"768\" src=\"https:\/\/tekohaparana.com.ar\/web\/wp-content\/uploads\/2025\/12\/sala-3-1024x768.jpeg\" alt=\"\" class=\"wp-image-2786\" srcset=\"https:\/\/tekohaparana.com.ar\/web\/wp-content\/uploads\/2025\/12\/sala-3-1024x768.jpeg 1024w, https:\/\/tekohaparana.com.ar\/web\/wp-content\/uploads\/2025\/12\/sala-3-980x735.jpeg 980w, https:\/\/tekohaparana.com.ar\/web\/wp-content\/uploads\/2025\/12\/sala-3-480x360.jpeg 480w\" sizes=\"(min-width: 0px) and (max-width: 480px) 480px, (min-width: 481px) and (max-width: 980px) 980px, (min-width: 981px) 1024px, 100vw\" \/><\/figure>\n\n\n\n<p><br>En 1990, un aire mar\u00edtimo tropical le sugiri\u00f3 instalar una veleta que transformara fuerza en movimiento. Al proyecto lo llam\u00f3 con el acr\u00f3nimo Silkateatro Andante, una especie de \u00e1tomo art\u00edstico que puede crecer y volver a su formaci\u00f3n elemental en funci\u00f3n de la aventura que tejiera junto a otros, sin sala, montada a un veh\u00edculo con capacidad de cargarla a ella y lo que ella requiriera para conmover.<br>Quijotesca, conoci\u00f3 una amplia galer\u00eda de escuelas, auditorios y teatros de los m\u00e1s variados, canchas y bibliotecas, aulas y patios. Afincada a lo n\u00f3made, crey\u00f3 ver que el arte esc\u00e9nico ligado a la educaci\u00f3n pod\u00eda ser el viento que haga girar el molino de las nuevas generaciones.<br>Girar y hacer girar: parec\u00eda un mandato del destino. Las adaptaciones de cl\u00e1sicos se sucedieron y sus habilidades comunicativas las pusieron a conversar, contra todo prejuicio, con ni\u00f1os y j\u00f3venes, aparentemente atentos a otras excentricidades.<br>Una y otra vez K\u00e1ter es la protagonista del mismo cuento. Llega a una ciudad, convence del sabor inolvidable de una piedra secreta que calienta con el sol de la experiencia antepasada y persuade a los pobladores de que, si cada uno contribuye con algo, juntos producir\u00e1n un manjar. Hasta ahora la receta no le fall\u00f3.<br>\u201cEl teatro es una trinchera\u201d, supo comparar, al subrayar que su sentido \u00faltimo es el de \u201cpromover la uni\u00f3n en la diversidad\u201d. All\u00ed mismo complet\u00f3. \u201cLo veo como un instrumento que puede favorecer la convivencia para combatir la barbarie, la intolerancia y el odio\u201d. Para K\u00e1ter, se trata de \u201cuna oportunidad de aferrarse a la belleza, al goce est\u00e9tico a trav\u00e9s de las artes, de las esc\u00e9nicas en particular\u201d.<\/p>\n\n\n\n<figure class=\"wp-block-image size-large\"><img loading=\"lazy\" decoding=\"async\" width=\"1024\" height=\"683\" src=\"https:\/\/tekohaparana.com.ar\/web\/wp-content\/uploads\/2025\/12\/WhatsApp-Image-2025-11-03-at-07.14.19-1024x683.jpeg\" alt=\"\" class=\"wp-image-2787\" srcset=\"https:\/\/tekohaparana.com.ar\/web\/wp-content\/uploads\/2025\/12\/WhatsApp-Image-2025-11-03-at-07.14.19-980x654.jpeg 980w, https:\/\/tekohaparana.com.ar\/web\/wp-content\/uploads\/2025\/12\/WhatsApp-Image-2025-11-03-at-07.14.19-480x320.jpeg 480w\" sizes=\"(min-width: 0px) and (max-width: 480px) 480px, (min-width: 481px) and (max-width: 980px) 980px, (min-width: 981px) 1024px, 100vw\" \/><\/figure>\n\n\n\n<p><br>Justamente, por un reconocimiento mexicano a su trayectoria, lleg\u00f3 un d\u00eda a Paran\u00e1 y a Concordia, como parte de un periplo que le permiti\u00f3 actuar en cinco provincias argentinas.<br>En Ituzaing\u00f3 80 ofreci\u00f3 una master class. La complejidad de un parlamento tornasolado de espa\u00f1ol antiguo, la velocidad de los relatos, la solvencia l\u00fadica con que abraz\u00f3 los cambios de personaje y la m\u00e1gica integraci\u00f3n con los elementos esc\u00e9nicos, no termina de sospecharse con total justicia en la expresi\u00f3n Teatro para una actriz y un mundo de objetos, con la que se promocion\u00f3 el espect\u00e1culo.<br>Bajo la direcci\u00f3n de Raquel Araujo, K\u00e1ter se las ingeni\u00f3 para sostener la narraci\u00f3n sin que se adviertan los hilvanes. En ese contexto, lo humano fue lo precedente (la invenci\u00f3n del juego a trav\u00e9s de la dramaturgia y la transformaci\u00f3n de las ideas en instrumentos escenogr\u00e1ficos); pero tambi\u00e9n fue el h\u00e1lito que, por unos instantes, le dio vida a lo inerte para volverlo una evanescencia estimulante.<br>Declarar que un personaje, principal o secundario, no es s\u00f3lo una voz y un aspecto, es decir, una impresi\u00f3n externa, sino que adem\u00e1s es producto de una historia; que es un ser de experiencias, un amasijo de intereses no exentos de contradicciones, cuya trayectoria y v\u00ednculos se manifiestan en la forma en que se expresa, es poner en evidencia el lugar desde donde se observa, se escribe y se act\u00faa.<br>Esa convicci\u00f3n emergi\u00f3 de K\u00e1ter en situaci\u00f3n de entrevista. \u201cCuando tom\u00e9 la decisi\u00f3n de entregarme por completo a la disciplina teatral, en 1984, no dud\u00e9 ni por un instante acerca de que eso era exactamente lo que necesitaba: poder ser yo y muchas\/os; condensar y multiplicar la Vida, ponerme en otros zapatos; prestar desde mi piel hasta mis neuronas, a otros seres; compartir, provocar convivios de manera plena y sensible\u201d.<\/p>\n\n\n\n<figure class=\"wp-block-image size-large\"><img loading=\"lazy\" decoding=\"async\" width=\"1024\" height=\"682\" src=\"https:\/\/tekohaparana.com.ar\/web\/wp-content\/uploads\/2025\/12\/WhatsApp-Image-2025-11-03-at-07.15.10-1024x682.jpeg\" alt=\"\" class=\"wp-image-2788\" srcset=\"https:\/\/tekohaparana.com.ar\/web\/wp-content\/uploads\/2025\/12\/WhatsApp-Image-2025-11-03-at-07.15.10-980x653.jpeg 980w, https:\/\/tekohaparana.com.ar\/web\/wp-content\/uploads\/2025\/12\/WhatsApp-Image-2025-11-03-at-07.15.10-480x320.jpeg 480w\" sizes=\"(min-width: 0px) and (max-width: 480px) 480px, (min-width: 481px) and (max-width: 980px) 980px, (min-width: 981px) 1024px, 100vw\" \/><\/figure>\n\n\n\n<p><\/p>\n\n\n\n<p><strong>Primero lo de despu\u00e9s<\/strong><\/p>\n\n\n\n<p>Terminada la funci\u00f3n, agotada la vasta tanda de aplausos, la artista se recompuso de pronto, tom\u00f3 una silla y, a mitad de camino entre la escena y la platea, propuso un di\u00e1logo con el p\u00fablico. Recibi\u00f3 elogios, naturalmente, por los 55 minutos de disfrute, pero dej\u00f3 flotando dos ideas que tienen extraordinaria potencia. Por un lado, que el y la artista debe llegar a ver el mundo desde cada personaje que interpreta, desde el aparentemente accesorio hasta el considerado principal. Ese tipo de v\u00ednculo no toma partido por alguno en particular, en funci\u00f3n de alg\u00fan tipo de simpat\u00eda individual; procura entender las razones y sentimientos, la historia, sus incoherencias, sus deseos.<br>De ese modo, lo que K\u00e1ter estaba exponiendo no era tanto una matriz de trabajo como la descripci\u00f3n de una maquinaria de sentido que, al intentar comprender las motivaciones, puede convertir al destinatario en un sujeto m\u00e1s comprensivo. Ya no se tratar\u00eda, entonces, de leer o espectar para confirmar creencias o deleitarse porque s\u00ed, sino para abrirse a otras realidades y doctrinas, y ganar en sabidur\u00eda, gimnasia que guarda la recompensa de una mejor convivencia.<br>Actriz y gestora, maestra y productora, Silvia K\u00e1ter no se rest\u00f3 m\u00e9ritos, pero asegur\u00f3 que cualquiera, si aplicara su talento convenientemente, podr\u00eda obtener resultados similares, con lo que rompi\u00f3 de un plumazo la fantas\u00eda de que el artista es tocado con una varita c\u00f3smica, pero tambi\u00e9n que la pr\u00e1ctica sistem\u00e1tica es el m\u00e9todo que permite alcanzar est\u00e1ndares de excelencia o al menos por encima del promedio.<br>As\u00ed, es dif\u00edcil establecer en este momento si fue m\u00e1s valioso lo mostrado por K\u00e1ter mientras zurc\u00eda con donaire pa\u00f1os de valent\u00eda, inteligencia y corriente locura del Caballero Andante o lo que declar\u00f3 luego, en la charla cara a cara, cuando hizo de ella, sin m\u00e1scara, personaje ni guion.<\/p>\n\n\n\n<p><\/p>\n\n\n\n<p><strong>Hilos tenues<\/strong><\/p>\n\n\n\n<p>Como los caminos del Quijote, hay algo de inexplicable y a la vez de razonable en el v\u00ednculo de Silvia K\u00e1ter y Paran\u00e1. Para dar con el inicio de la madeja, hay que retroceder hasta 2008 y situarse en San Pablo, Brasil. Hasta all\u00ed fue una delegaci\u00f3n paranaense a participar de la III Mostra Latino-Americana de Teatro de Grupo. Se trataba de Gabriela Trevisani, Juan Kohner y Gustavo Bendersky que, en representaci\u00f3n del Teatro del Bardo, ofrecieron Amarillos hijos. Del evento intervino tambi\u00e9n Silvia K\u00e1ter, como artista invitada en una puesta del m\u00edtico La Rendija, de Yucat\u00e1n, a cargo de Raquel Araujo, la misma directora de Don Quijote. Historias andantes.<br>El caso es que un comentario llev\u00f3 a otro, los intentos de sostener la conversaci\u00f3n no fueron en vano y al cabo de dos a\u00f1os, Bendersky, ya con Los Tocomochos, fue invitado a trav\u00e9s de K\u00e1ter al Festival Iberoam\u00e9rica en Escena, organizado por La Rendija, en M\u00e9xico. En aquella oportunidad, desde Paran\u00e1 llevaron una versi\u00f3n singular de Don Segundo Sombra, con Bendersky y Nacho Koonstra en la dramaturgia, y Koonstra como protagonista del unipersonal.<br>En esa avenida de coincidencias, las colaboraciones se sucedieron hasta que K\u00e1ter postul\u00f3 al Programa Creadores Esc\u00e9nicos con Trayectoria, del Sistema de Apoyos a la Creaci\u00f3n y Proyectos Culturales, Convocatoria 2023, de la Secretar\u00eda de Cultura de M\u00e9xico. Lo que hizo en Argentina y Uruguay est\u00e1 inscripto en la contraprestaci\u00f3n de aquel financiamiento extraordinario: presentar en gira la obra Don Quijote. Historias andantes y tomar un seminario coordinado por Bendersky, que se llam\u00f3 Escenas en alm\u00e1cigo, periplo que la llev\u00f3 de Paran\u00e1 a Concordia, con Villa Dom\u00ednguez como bisagra intercostas.<\/p>\n\n\n\n<figure class=\"wp-block-image size-large\"><img loading=\"lazy\" decoding=\"async\" width=\"1024\" height=\"682\" src=\"https:\/\/tekohaparana.com.ar\/web\/wp-content\/uploads\/2025\/12\/WhatsApp-Image-2025-11-03-at-07.14.16-1024x682.jpeg\" alt=\"\" class=\"wp-image-2789\" srcset=\"https:\/\/tekohaparana.com.ar\/web\/wp-content\/uploads\/2025\/12\/WhatsApp-Image-2025-11-03-at-07.14.16-980x653.jpeg 980w, https:\/\/tekohaparana.com.ar\/web\/wp-content\/uploads\/2025\/12\/WhatsApp-Image-2025-11-03-at-07.14.16-480x320.jpeg 480w\" sizes=\"(min-width: 0px) and (max-width: 480px) 480px, (min-width: 481px) and (max-width: 980px) 980px, (min-width: 981px) 1024px, 100vw\" \/><\/figure>\n\n\n\n<p><\/p>\n\n\n\n<p><strong>Ra\u00edces<\/strong><\/p>\n\n\n\n<p>No hay por qu\u00e9 saber que Silvia K\u00e1ter es Maestra Normal y Licenciada en Arquitectura y Dise\u00f1o Urbano. Ha contado que desde ni\u00f1a tuvo inclinaci\u00f3n hacia el teatro, el circo y los t\u00edteres y que en esa direcci\u00f3n se form\u00f3 como artista aficionada, tanto te\u00f3rica como emp\u00edricamente, ya que fue parte de distintas propuestas de radioteatro. No obstante, ni siquiera consider\u00f3 que pod\u00eda dedicarse a las artes esc\u00e9nicas cuando debi\u00f3 elegir una carrera. Reci\u00e9n en 1984, en medio de la maternidad, alumbr\u00f3 esto a lo que se dedic\u00f3: la educaci\u00f3n a trav\u00e9s del arte de construir ciudades, paisajes y edificios para contar historias inspiradoras.<br>\u201cExtra\u00f1o mi pa\u00eds\u201d, dijo, lac\u00f3nicamente, ante una pregunta puntual, en la noche dominguera de una Paran\u00e1 primaveral. Sin lamento, porque es la vida que eligi\u00f3. Desde esa convicci\u00f3n plant\u00f3 sus 74 a\u00f1os sobre el escenario, propuso una actuaci\u00f3n de excelencia, desgastante, llena de vitalidad y entrega. Lleg\u00f3 con un tesoro de siete valijas para deambular por llanuras, sierras y monta\u00f1as. Y un d\u00eda cualquiera se fue sin dejar huella m\u00e1s que el prodigio de un recuerdo hermoso o el atributo de haber servido de inspiraci\u00f3n.<br>\u201cLa luz interior se recarga dej\u00e1ndonos iluminar por las y los otros y no solo a trav\u00e9s de la teor\u00eda; lo importante es que podamos hablar con mayor libertad y cercan\u00eda de lo que nos importa.\u201d, repite K\u00e1ter en la memoria, mientras defiende su terquedad, la constancia y su disposici\u00f3n al aprendizaje permanente.<\/p>\n","protected":false},"excerpt":{"rendered":"<p>A veces vida y obra son parte de una misma escritura. Este parece ser el caso de Silvia K\u00e1ter, un personaje que visit\u00f3 Paran\u00e1 para alentar los inclaudicables sue\u00f1os de quijote en tiempos de pastillas para dormir. La historia de la artista argentina, radicada en M\u00e9xico, est\u00e1 repleta de situaciones en que lo sombr\u00edo permite [&hellip;]<\/p>\n","protected":false},"author":5,"featured_media":2785,"comment_status":"closed","ping_status":"closed","sticky":false,"template":"","format":"standard","meta":{"_et_pb_use_builder":"","_et_pb_old_content":"","_et_gb_content_width":"","footnotes":""},"categories":[7,18,32],"tags":[],"class_list":["post-2784","post","type-post","status-publish","format-standard","has-post-thumbnail","hentry","category-cultura","category-revista","category-slides"],"_links":{"self":[{"href":"https:\/\/tekohaparana.com.ar\/web\/wp-json\/wp\/v2\/posts\/2784","targetHints":{"allow":["GET"]}}],"collection":[{"href":"https:\/\/tekohaparana.com.ar\/web\/wp-json\/wp\/v2\/posts"}],"about":[{"href":"https:\/\/tekohaparana.com.ar\/web\/wp-json\/wp\/v2\/types\/post"}],"author":[{"embeddable":true,"href":"https:\/\/tekohaparana.com.ar\/web\/wp-json\/wp\/v2\/users\/5"}],"replies":[{"embeddable":true,"href":"https:\/\/tekohaparana.com.ar\/web\/wp-json\/wp\/v2\/comments?post=2784"}],"version-history":[{"count":1,"href":"https:\/\/tekohaparana.com.ar\/web\/wp-json\/wp\/v2\/posts\/2784\/revisions"}],"predecessor-version":[{"id":2790,"href":"https:\/\/tekohaparana.com.ar\/web\/wp-json\/wp\/v2\/posts\/2784\/revisions\/2790"}],"wp:featuredmedia":[{"embeddable":true,"href":"https:\/\/tekohaparana.com.ar\/web\/wp-json\/wp\/v2\/media\/2785"}],"wp:attachment":[{"href":"https:\/\/tekohaparana.com.ar\/web\/wp-json\/wp\/v2\/media?parent=2784"}],"wp:term":[{"taxonomy":"category","embeddable":true,"href":"https:\/\/tekohaparana.com.ar\/web\/wp-json\/wp\/v2\/categories?post=2784"},{"taxonomy":"post_tag","embeddable":true,"href":"https:\/\/tekohaparana.com.ar\/web\/wp-json\/wp\/v2\/tags?post=2784"}],"curies":[{"name":"wp","href":"https:\/\/api.w.org\/{rel}","templated":true}]}}