{"id":2791,"date":"2025-12-23T11:00:00","date_gmt":"2025-12-23T11:00:00","guid":{"rendered":"https:\/\/tekohaparana.com.ar\/web\/?p=2791"},"modified":"2025-12-21T01:31:53","modified_gmt":"2025-12-21T01:31:53","slug":"una-huella-viva","status":"publish","type":"post","link":"https:\/\/tekohaparana.com.ar\/web\/una-huella-viva\/","title":{"rendered":"Una huella viva"},"content":{"rendered":"\n<h2 class=\"wp-block-heading\">Los velatorios cada m\u00e1s breves, el aumento de los casos de cremaci\u00f3n, el abandono de la pr\u00e1ctica de velar a los seres queridos en casas de familia o la convicci\u00f3n de que los cementerios no son espacios solo truculentos sino museos a cielo abierto, son marcas que dan cuenta de los cambios que acontecen en torno a los rituales mortuorios. Desde esas variaciones, una muestra encendi\u00f3 las velas del debate en torno a lo vivo y lo inerte.<\/h2>\n\n\n\n<p><\/p>\n\n\n\n<p><\/p>\n\n\n\n<p>El Centro Experimental de Arte Contempor\u00e1neo de Entre R\u00edos AURA, que funciona en Alameda de la Federaci\u00f3n 557, propuso en las \u00faltimas semanas una recorrida por rincones e instalaciones que cumplen con la premisa de hablar de un tema resbaladizo. Lo llamaron Per\u00fa al final.<br>Curiosamente, la exposici\u00f3n no implic\u00f3 tanto un posicionamiento en torno a la muerte como tal o lo que pueda ocurrir el d\u00eda despu\u00e9s, sino una actualizaci\u00f3n de las ideas que sostenemos en torno al valor de la vida y las maneras en que esa abstracci\u00f3n se encarna en formas concretas de ser y habitar un tiempo, un espacio y unos v\u00ednculos.<\/p>\n\n\n\n<figure class=\"wp-block-image size-large\"><img loading=\"lazy\" decoding=\"async\" width=\"1024\" height=\"576\" src=\"https:\/\/tekohaparana.com.ar\/web\/wp-content\/uploads\/2025\/12\/dos-1024x576.jpg\" alt=\"\" class=\"wp-image-2793\" srcset=\"https:\/\/tekohaparana.com.ar\/web\/wp-content\/uploads\/2025\/12\/dos-980x551.jpg 980w, https:\/\/tekohaparana.com.ar\/web\/wp-content\/uploads\/2025\/12\/dos-480x270.jpg 480w\" sizes=\"(min-width: 0px) and (max-width: 480px) 480px, (min-width: 481px) and (max-width: 980px) 980px, (min-width: 981px) 1024px, 100vw\" \/><\/figure>\n\n\n\n<p><br>Las artistas integradas al proyecto fueron doce: Elina Aguilar, Valentina Bolcatto, Carla Brugo, Bel\u00e9n C\u00e9spedes, Floriana Lazzaneo, Ver\u00f3nica Moreira, Victoria Rold\u00e1n, Daniela Rudel, Cecilia Ruiz, Florencia Sabattini, Luciana Scutell\u00e1 y Luc\u00eda Tejera.<br>A trav\u00e9s de distintos objetos y t\u00e9cnicas, la muestra Per\u00fa al final se propuso explorar en el sentido que asumen los ornamentos y rituales funerarios, el recuerdo de las ausencias, la ofrenda de la incertidumbre y lo inexplicado, junto a ceremonias con alimentos, objetos y flores.<br>Curiosidades de la po\u00e9tica, la de la sala se pareci\u00f3 a la din\u00e1mica de los cementerios: hubo jornadas animadas, de encuentros, de murmullo incesante, de puesta en com\u00fan; y otras un tanto solitarias y algo l\u00fagubres, espectrales. En efecto, a lo largo de las semanas se organizaron conversatorios, propuestas de interacci\u00f3n grupal y visitas guiadas a estudiantes de instituciones educativas y art\u00edsticas.<\/p>\n\n\n\n<figure class=\"wp-block-image size-large\"><img loading=\"lazy\" decoding=\"async\" width=\"1024\" height=\"576\" src=\"https:\/\/tekohaparana.com.ar\/web\/wp-content\/uploads\/2025\/12\/uno-1024x576.jpg\" alt=\"\" class=\"wp-image-2794\" srcset=\"https:\/\/tekohaparana.com.ar\/web\/wp-content\/uploads\/2025\/12\/uno-980x551.jpg 980w, https:\/\/tekohaparana.com.ar\/web\/wp-content\/uploads\/2025\/12\/uno-480x270.jpg 480w\" sizes=\"(min-width: 0px) and (max-width: 480px) 480px, (min-width: 481px) and (max-width: 980px) 980px, (min-width: 981px) 1024px, 100vw\" \/><\/figure>\n\n\n\n<p><br>Suspendidas del techo, dispuestas en el piso, desplegadas en las paredes, amuradas o en coquetas maquetas, las referencias nombraron con esmero y renombraron de manera diligente. Y con la excusa del m\u00e1s all\u00e1 ayudaron a mover las ideas en torno a la propia existencia.<\/p>\n","protected":false},"excerpt":{"rendered":"<p>Los velatorios cada m\u00e1s breves, el aumento de los casos de cremaci\u00f3n, el abandono de la pr\u00e1ctica de velar a los seres queridos en casas de familia o la convicci\u00f3n de que los cementerios no son espacios solo truculentos sino museos a cielo abierto, son marcas que dan cuenta de los cambios que acontecen en [&hellip;]<\/p>\n","protected":false},"author":5,"featured_media":2792,"comment_status":"closed","ping_status":"closed","sticky":false,"template":"","format":"standard","meta":{"_et_pb_use_builder":"","_et_pb_old_content":"","_et_gb_content_width":"","footnotes":""},"categories":[7,18,32],"tags":[],"class_list":["post-2791","post","type-post","status-publish","format-standard","has-post-thumbnail","hentry","category-cultura","category-revista","category-slides"],"_links":{"self":[{"href":"https:\/\/tekohaparana.com.ar\/web\/wp-json\/wp\/v2\/posts\/2791","targetHints":{"allow":["GET"]}}],"collection":[{"href":"https:\/\/tekohaparana.com.ar\/web\/wp-json\/wp\/v2\/posts"}],"about":[{"href":"https:\/\/tekohaparana.com.ar\/web\/wp-json\/wp\/v2\/types\/post"}],"author":[{"embeddable":true,"href":"https:\/\/tekohaparana.com.ar\/web\/wp-json\/wp\/v2\/users\/5"}],"replies":[{"embeddable":true,"href":"https:\/\/tekohaparana.com.ar\/web\/wp-json\/wp\/v2\/comments?post=2791"}],"version-history":[{"count":1,"href":"https:\/\/tekohaparana.com.ar\/web\/wp-json\/wp\/v2\/posts\/2791\/revisions"}],"predecessor-version":[{"id":2795,"href":"https:\/\/tekohaparana.com.ar\/web\/wp-json\/wp\/v2\/posts\/2791\/revisions\/2795"}],"wp:featuredmedia":[{"embeddable":true,"href":"https:\/\/tekohaparana.com.ar\/web\/wp-json\/wp\/v2\/media\/2792"}],"wp:attachment":[{"href":"https:\/\/tekohaparana.com.ar\/web\/wp-json\/wp\/v2\/media?parent=2791"}],"wp:term":[{"taxonomy":"category","embeddable":true,"href":"https:\/\/tekohaparana.com.ar\/web\/wp-json\/wp\/v2\/categories?post=2791"},{"taxonomy":"post_tag","embeddable":true,"href":"https:\/\/tekohaparana.com.ar\/web\/wp-json\/wp\/v2\/tags?post=2791"}],"curies":[{"name":"wp","href":"https:\/\/api.w.org\/{rel}","templated":true}]}}