{"id":3044,"date":"2026-04-30T10:00:00","date_gmt":"2026-04-30T10:00:00","guid":{"rendered":"https:\/\/tekohaparana.com.ar\/web\/?p=3044"},"modified":"2026-04-23T14:45:07","modified_gmt":"2026-04-23T14:45:07","slug":"caleidoscopio-de-identidades","status":"publish","type":"post","link":"https:\/\/tekohaparana.com.ar\/web\/caleidoscopio-de-identidades\/","title":{"rendered":"Caleidoscopio de identidades"},"content":{"rendered":"\n<h2 class=\"wp-block-heading\">Las blancas paredes de las salas superiores de la Casa de la Cultura alojaron medio centenar de im\u00e1genes de la fot\u00f3grafa Cynthia Fistraiber. Activado, el carrusel proyect\u00f3 una noci\u00f3n personal\u00edsima de ciudad, urbana, costera, espectral.<\/h2>\n\n\n\n<p><\/p>\n\n\n\n<p><\/p>\n\n\n\n<p>Un barquito inm\u00f3vil encallado en un r\u00edo de papel satinado, un sue\u00f1o frustrado de ilustraciones sin exponer y pichichos callejeros y un angelito travieso que se r\u00ede en lo alto de prejuiciosas geometr\u00edas escolares son fragmentos de una ciudad de anclaje real y sin embargo fant\u00e1stico, que vive en la fotograf\u00eda de Cynthia Fistraiber.<br>La artista abri\u00f3 la temporada 2026 en la Casa de la Cultura con dos muestras: El r\u00edo nos une y Habitar lo cotidiano. Fueron 51 im\u00e1genes serenas, salidas de un laberinto interior, de pies con arena, de taciturna nostalgia, de baldosas flojas, de alturas inversas.<br>La ciudad de Fistraiber, un poco de cemento, otro tanto de isla, con sus destellos fulgurantes y sus perfiles tenuemente sombr\u00edos, es parecida a la de muchos residentes de la capital provincial, pero a la vez peculiar. He ah\u00ed su encanto. Hay una cepa de curiosa familiaridad que une veredas inmersas en una galer\u00eda de sombra vegetal y escenas corrientes bajo perspectivas de cierta extravagancia, junto a otras fluviales, como la de una embarcaci\u00f3n escu\u00e1lida llevando a remolque una canoa desvalida.<\/p>\n\n\n\n<figure class=\"wp-block-image size-large\"><img loading=\"lazy\" decoding=\"async\" width=\"1024\" height=\"576\" src=\"https:\/\/tekohaparana.com.ar\/web\/wp-content\/uploads\/2026\/04\/c2-1024x576.jpeg\" alt=\"\" class=\"wp-image-3046\" srcset=\"https:\/\/tekohaparana.com.ar\/web\/wp-content\/uploads\/2026\/04\/c2-1024x576.jpeg 1024w, https:\/\/tekohaparana.com.ar\/web\/wp-content\/uploads\/2026\/04\/c2-980x551.jpeg 980w, https:\/\/tekohaparana.com.ar\/web\/wp-content\/uploads\/2026\/04\/c2-480x270.jpeg 480w\" sizes=\"(min-width: 0px) and (max-width: 480px) 480px, (min-width: 481px) and (max-width: 980px) 980px, (min-width: 981px) 1024px, 100vw\" \/><\/figure>\n\n\n\n<p><\/p>\n\n\n\n<p><br>La producci\u00f3n fotogr\u00e1fica cubri\u00f3 las dos salas dispuestas. El piso de pinotea, las puertas a tono, le imprimieron al ambiente un tono acogedor. El material estuvo prolijamente presentado. Por sectores, devolvi\u00f3 postales de la sobrevivencia pescadora, siluetas ribere\u00f1as, juegos citadinos de luminiscencia y opacidad y jirafas residenciales asomadas al vac\u00edo, retratadas desde m\u00e1s all\u00e1 de las barrancas.<br>En un rinc\u00f3n, Fistraiber rindi\u00f3 homenaje a Pedro Antonio Tori, un refinado personaje que recorri\u00f3 sus \u00faltimos a\u00f1os desde calle Buenos Aires a la encina que est\u00e1 sobre uno de los costados del anfiteatro H\u00e9ctor S\u00e1nt\u00e1ngelo. Quienes lo frecuentaron conocieron la profundidad y riqueza de su habilidad conversadora. Era menos conocido su inter\u00e9s por las artes visuales. En la muestra algunas de sus obras se abren en abanico de trazos, colores, planos y grafito. Cuelgan de una foto de Fistraiber en la que el autor est\u00e1 sentado ante un port\u00f3n. Barbado, de despeinada melena, la imagen es rica en significado. Pese a la precariedad de esas zapatillas usadas, la bermuda oscura que alguien le regal\u00f3 y una camisa entrada en a\u00f1os, Tori sonr\u00ede, junto a sus tres perros negros: a dos los acaricia a mano abierta; el restante, se deja vencer por una modorra tenaz. \u201cLo tengo todo\u201d, parece decir, amistoso y desafiante.<\/p>\n","protected":false},"excerpt":{"rendered":"<p>Las blancas paredes de las salas superiores de la Casa de la Cultura alojaron medio centenar de im\u00e1genes de la fot\u00f3grafa Cynthia Fistraiber. Activado, el carrusel proyect\u00f3 una noci\u00f3n personal\u00edsima de ciudad, urbana, costera, espectral. Un barquito inm\u00f3vil encallado en un r\u00edo de papel satinado, un sue\u00f1o frustrado de ilustraciones sin exponer y pichichos callejeros [&hellip;]<\/p>\n","protected":false},"author":5,"featured_media":3045,"comment_status":"closed","ping_status":"closed","sticky":false,"template":"","format":"standard","meta":{"_et_pb_use_builder":"","_et_pb_old_content":"","_et_gb_content_width":"","footnotes":""},"categories":[7],"tags":[],"class_list":["post-3044","post","type-post","status-publish","format-standard","has-post-thumbnail","hentry","category-cultura"],"_links":{"self":[{"href":"https:\/\/tekohaparana.com.ar\/web\/wp-json\/wp\/v2\/posts\/3044","targetHints":{"allow":["GET"]}}],"collection":[{"href":"https:\/\/tekohaparana.com.ar\/web\/wp-json\/wp\/v2\/posts"}],"about":[{"href":"https:\/\/tekohaparana.com.ar\/web\/wp-json\/wp\/v2\/types\/post"}],"author":[{"embeddable":true,"href":"https:\/\/tekohaparana.com.ar\/web\/wp-json\/wp\/v2\/users\/5"}],"replies":[{"embeddable":true,"href":"https:\/\/tekohaparana.com.ar\/web\/wp-json\/wp\/v2\/comments?post=3044"}],"version-history":[{"count":1,"href":"https:\/\/tekohaparana.com.ar\/web\/wp-json\/wp\/v2\/posts\/3044\/revisions"}],"predecessor-version":[{"id":3047,"href":"https:\/\/tekohaparana.com.ar\/web\/wp-json\/wp\/v2\/posts\/3044\/revisions\/3047"}],"wp:featuredmedia":[{"embeddable":true,"href":"https:\/\/tekohaparana.com.ar\/web\/wp-json\/wp\/v2\/media\/3045"}],"wp:attachment":[{"href":"https:\/\/tekohaparana.com.ar\/web\/wp-json\/wp\/v2\/media?parent=3044"}],"wp:term":[{"taxonomy":"category","embeddable":true,"href":"https:\/\/tekohaparana.com.ar\/web\/wp-json\/wp\/v2\/categories?post=3044"},{"taxonomy":"post_tag","embeddable":true,"href":"https:\/\/tekohaparana.com.ar\/web\/wp-json\/wp\/v2\/tags?post=3044"}],"curies":[{"name":"wp","href":"https:\/\/api.w.org\/{rel}","templated":true}]}}