{"id":3065,"date":"2026-05-02T15:29:44","date_gmt":"2026-05-02T15:29:44","guid":{"rendered":"https:\/\/tekohaparana.com.ar\/web\/?p=3065"},"modified":"2026-05-02T15:29:51","modified_gmt":"2026-05-02T15:29:51","slug":"reirse-es-un-lujo","status":"publish","type":"post","link":"https:\/\/tekohaparana.com.ar\/web\/reirse-es-un-lujo\/","title":{"rendered":"Re\u00edrse es un lujo"},"content":{"rendered":"\n<h2 class=\"wp-block-heading\">Lo m\u00e1s importante del Primer festival internacional de payasas R\u00eda Paran\u00e1 fue lo que no se vio, pero se experiment\u00f3: la extraordinaria potencia que surge al congregarse. Tanto las artistas como el p\u00fablico fueron protagonistas de procesos diferentes, emparentados en la convicci\u00f3n de que si hay risa hay esperanza.<\/h2>\n\n\n\n<p><\/p>\n\n\n\n<p>Un peque\u00f1o milagro payaso tuvo lugar en Paran\u00e1, durante diez d\u00edas. En tiempos de discordia global y virulencia local, artistas de M\u00e9xico, Per\u00fa, Colombia y distintas provincias argentinas se reunieron para dar sustancia a la primera edici\u00f3n del Festival Internacional de Payasas, Humoristas y Bufonas \u201cR\u00eda Paran\u00e1\u201d.<\/p>\n\n\n\n<p>La agenda abarc\u00f3 la presentaci\u00f3n de espect\u00e1culos y la realizaci\u00f3n de talleres y charlas, unidas por el arte de re\u00edr y hacer re\u00edr.<\/p>\n\n\n\n<p>La iniciativa congreg\u00f3 a p\u00fablicos de distintas edades y condiciones con propuestas protagonizadas \u00edntegramente por mujeres. Las funciones fueron en el Teatro Municipal 3 de Febrero, la Biblioteca Caminantes, el Auditorio Walter Heinze (Escuela de M\u00fasica &#8211; FHAyCs), la Casa de la Cultura, el Centro Cultural Juan L. Ortiz y en la sede de la Fundaci\u00f3n Arbolar, en la ciudad de Col\u00f3n.<\/p>\n\n\n\n<p>\u201cFueron d\u00edas de una inmensa alegr\u00eda\u201d, sintetiz\u00f3 Paula Righelato, quien junto a Mariela Bogado y Melina Forte estuvieron al frente de la organizaci\u00f3n. \u201cParan\u00e1 se vio atravesada por la risa, que tanto bien nos hace\u201d, continu\u00f3. Ante una consulta, aport\u00f3 que \u201cvimos y escuchamos historias incre\u00edbles de distintas partes de nuestro continente, acentos tan diversos como hermosos, y un despliegue esc\u00e9nico de primer nivel realizado por mujeres que son referentes de la payaser\u00eda, el clown y la bufoner\u00eda en sus pa\u00edses\u201d.<\/p>\n\n\n\n<p>La artista paranaense quiso resaltar que \u201cel festival fue realizado \u00edntegramente por mujeres con un enorme esfuerzo\u201d, aliadas a distintos socios estrat\u00e9gicos. \u201cContamos con apoyos del sector p\u00fablico y del privado que comprendieron el valor del Festival y nos brindaron su ayuda: Vicegobernaci\u00f3n, la Municipalidad de Paran\u00e1, el Consejo de Teatro Independiente de Entre R\u00edos (Contier), empresas gastron\u00f3micas y de hoteler\u00eda que apoyaron el trabajo de las mujeres que buscamos expandir la fuerza transformadora de la risa en nuestra ciudad y en nuestra provincia\u201d, agreg\u00f3.<\/p>\n\n\n\n<p>Por \u00faltimo, Righelato agradeci\u00f3 \u201cel abrazo siempre fraterno\u201d del p\u00fablico en cada una de las funciones y sostuvo que \u201cesta primera edici\u00f3n de R\u00eda Paran\u00e1 inscribe a nuestra ciudad, y a Entre R\u00edos, en un corredor cultural latinoamericano que viene viajando desde Puebla, M\u00e9xico, a trav\u00e9s del Festival Internacional de Payasas `Vabieka\u00b4, con expresiones hermanas en muchos pa\u00edses de la regi\u00f3n\u201d.<\/p>\n\n\n\n<figure class=\"wp-block-image size-large\"><img loading=\"lazy\" decoding=\"async\" width=\"1024\" height=\"682\" src=\"https:\/\/tekohaparana.com.ar\/web\/wp-content\/uploads\/2026\/05\/payasa-2-1024x682.png\" alt=\"\" class=\"wp-image-3067\" srcset=\"https:\/\/tekohaparana.com.ar\/web\/wp-content\/uploads\/2026\/05\/payasa-2-980x653.png 980w, https:\/\/tekohaparana.com.ar\/web\/wp-content\/uploads\/2026\/05\/payasa-2-480x320.png 480w\" sizes=\"(min-width: 0px) and (max-width: 480px) 480px, (min-width: 481px) and (max-width: 980px) 980px, (min-width: 981px) 1024px, 100vw\" \/><\/figure>\n\n\n\n<p><\/p>\n\n\n\n<p><strong>Se corre el tel\u00f3n<\/strong><\/p>\n\n\n\n<p>La agenda fue variada y de festejada calidad. R\u00eda Paran\u00e1 abri\u00f3 el jueves 16 de abril en el Teatro Municipal 3 de Febrero con el espect\u00e1culo \u201cMisky\u201d, de Hilda Tovar (Per\u00fa\/M\u00e9xico) y \u201cTesoro\u201d, de la ciudad Paran\u00e1.<\/p>\n\n\n\n<p>Continu\u00f3 el viernes 17 en la Biblioteca Caminantes con \u201cLa LavandeRia\u201d, de Oriana del Mar Rivera Souza (Armenia, Colombia), y con \u201cBlancanieves, pol\u00edticamente incorrecta\u00bb, de Diana Bola\u00f1o Meza (Colombia).<\/p>\n\n\n\n<p>El s\u00e1bado 20 fue el turno del stand up \u201cMinitah\u201d, en la Casa de la Cultura de Entre R\u00edos. Las artistas paranaenses festejaron su primer cumplea\u00f1os en un marco de celebraci\u00f3n junto a su p\u00fablico.<\/p>\n\n\n\n<p>En tanto, el domingo 21, en el Centro Cultural Juan L. Ortiz tuvieron lugar el show \u201cTanga\u201d, de Margarita Barrios, de Buenos Aires-El Bols\u00f3n-C\u00f3rdoba; seguido de la variet\u00e9 payasa en la que actuaron artistas de Paran\u00e1 y C\u00f3rdoba.<\/p>\n\n\n\n<p><\/p>\n\n\n\n<p><strong>Ense\u00f1ar y aprender<\/strong><\/p>\n\n\n\n<p>El festival cont\u00f3, adem\u00e1s, con espacios de formaci\u00f3n actoral: el taller \u201cClown en la Educaci\u00f3n\u201d, dictado por Hilda Tovar Ventura, oriunda de Per\u00fa; y el taller \u201cIniciaci\u00f3n en la Bufoner\u00eda\u201d a cargo de Diana Bola\u00f1o Meza, de Colombia.<\/p>\n\n\n\n<p>Tambi\u00e9n se llev\u00f3 a cabo la charla\/debate \u201cHumor y g\u00e9nero\u201d, en la que participaron Oriana del Mar Rivera Souza, de Colombia, Carmen Alday y Mar\u00eda Luz Pi\u00e9rola, de Paran\u00e1, con la coordinaci\u00f3n de Nadia Grand\u00f3n.<\/p>\n\n\n\n<p>Por otra parte, se llev\u00f3 a cabo el ateneo \u201cCultura de paz y gesti\u00f3n cultural\u201d, en articulaci\u00f3n con la C\u00e1tedra T\u00e9cnicas Corporales I y II, y el Taller Multimedia, del Profesorado de Teatro de la Escuela de M\u00fasica, Danza y Teatro \u201cProf. Constancio Carminio\u201d, en di\u00e1logo con Teatro Azul, de Colombia.<\/p>\n\n\n\n<p>R\u00eda Paran\u00e1 concluy\u00f3 sus actividades el s\u00e1bado 25 en la sede de la Fundaci\u00f3n Arbolar, en la ciudad de Col\u00f3n, con la actuaci\u00f3n de Paula Righelato en \u201cCajita de los sue\u00f1os\u201d.<\/p>\n\n\n\n<p><\/p>\n\n\n\n<p class=\"has-text-align-right\"><em>Fotos: Nicol\u00e1s Rigaudi<\/em><\/p>\n","protected":false},"excerpt":{"rendered":"<p>Lo m\u00e1s importante del Primer festival internacional de payasas R\u00eda Paran\u00e1 fue lo que no se vio, pero se experiment\u00f3: la extraordinaria potencia que surge al congregarse. Tanto las artistas como el p\u00fablico fueron protagonistas de procesos diferentes, emparentados en la convicci\u00f3n de que si hay risa hay esperanza. Un peque\u00f1o milagro payaso tuvo lugar [&hellip;]<\/p>\n","protected":false},"author":5,"featured_media":3066,"comment_status":"closed","ping_status":"closed","sticky":false,"template":"","format":"standard","meta":{"_et_pb_use_builder":"","_et_pb_old_content":"","_et_gb_content_width":"","footnotes":""},"categories":[7,8,32],"tags":[],"class_list":["post-3065","post","type-post","status-publish","format-standard","has-post-thumbnail","hentry","category-cultura","category-espectaculos","category-slides"],"_links":{"self":[{"href":"https:\/\/tekohaparana.com.ar\/web\/wp-json\/wp\/v2\/posts\/3065","targetHints":{"allow":["GET"]}}],"collection":[{"href":"https:\/\/tekohaparana.com.ar\/web\/wp-json\/wp\/v2\/posts"}],"about":[{"href":"https:\/\/tekohaparana.com.ar\/web\/wp-json\/wp\/v2\/types\/post"}],"author":[{"embeddable":true,"href":"https:\/\/tekohaparana.com.ar\/web\/wp-json\/wp\/v2\/users\/5"}],"replies":[{"embeddable":true,"href":"https:\/\/tekohaparana.com.ar\/web\/wp-json\/wp\/v2\/comments?post=3065"}],"version-history":[{"count":1,"href":"https:\/\/tekohaparana.com.ar\/web\/wp-json\/wp\/v2\/posts\/3065\/revisions"}],"predecessor-version":[{"id":3068,"href":"https:\/\/tekohaparana.com.ar\/web\/wp-json\/wp\/v2\/posts\/3065\/revisions\/3068"}],"wp:featuredmedia":[{"embeddable":true,"href":"https:\/\/tekohaparana.com.ar\/web\/wp-json\/wp\/v2\/media\/3066"}],"wp:attachment":[{"href":"https:\/\/tekohaparana.com.ar\/web\/wp-json\/wp\/v2\/media?parent=3065"}],"wp:term":[{"taxonomy":"category","embeddable":true,"href":"https:\/\/tekohaparana.com.ar\/web\/wp-json\/wp\/v2\/categories?post=3065"},{"taxonomy":"post_tag","embeddable":true,"href":"https:\/\/tekohaparana.com.ar\/web\/wp-json\/wp\/v2\/tags?post=3065"}],"curies":[{"name":"wp","href":"https:\/\/api.w.org\/{rel}","templated":true}]}}