{"id":3576,"date":"2026-08-30T23:23:47","date_gmt":"2026-08-30T23:23:47","guid":{"rendered":"https:\/\/tekohaparana.com.ar\/web\/?p=3576"},"modified":"2026-08-31T01:06:34","modified_gmt":"2026-08-31T01:06:34","slug":"la-dimension-del-grabado","status":"publish","type":"post","link":"https:\/\/tekohaparana.com.ar\/web\/la-dimension-del-grabado\/","title":{"rendered":"La dimensi\u00f3n del grabado"},"content":{"rendered":"\n<h2 class=\"wp-block-heading\">Por dos semanas, medio centenar de grabados de artistas argentinos e italianos quedar\u00e1n expuestos en el hall del Centro Cultural Juan L. Ortiz, Racedo 250, desde este jueves. La ceremonia de apertura se iniciar\u00e1 a las 18.30, oportunidad en la que se presentar\u00e1 un libro con producciones de artistas que sostienen la muestra. La actividad es organizada por Grupo Humano Paran\u00e1 y el Centro Cultural El C\u00e1ntaro.<\/h2>\n\n\n\n<p class=\"wp-block-paragraph\"><\/p>\n\n\n\n<p class=\"wp-block-paragraph\"><\/p>\n\n\n\n<p class=\"wp-block-paragraph\">Grupo Humano Paran\u00e1 presenta en el Juan L. Ortiz una muestra de grabados de artistas argentinos e italianos. Es una colecci\u00f3n que re\u00fane producciones de una ciudad de Cerde\u00f1a y artistas reconocidos argentinos. Tambi\u00e9n se presenta un libro editado en Buenos Aires de la editorial independiente ArsEt, dirigida por Diego Lazcano, interesado en dialogar con editores de la ciudad de Paran\u00e1.<\/p>\n\n\n\n<p class=\"wp-block-paragraph\">A diferencia de los grabados de gran formato, que tienden a dominar el espacio, y los de peque\u00f1o formato, que exigen una contemplaci\u00f3n casi microsc\u00f3pica, los de mediano formato obligan al espectador a acercarse a uno o dos metros de la obra, que pasa a ocupar su campo visual central, sin llegar a abrumarlo. As\u00ed, desde lejos se puede apreciar la composici\u00f3n general y, de cerca, descubrir texturas y hasta la huella f\u00edsica de las gubias.<\/p>\n\n\n\n<p class=\"wp-block-paragraph\">Desde el jueves 3 de septiembre, quedar\u00e1 expuesta esta muestra de grabados originales en el Centro Cultural Juan L. Ortiz, con obras de artistas argentinos e italianos, titulada Blanco y negro en colores. Ese d\u00eda, desde las 18.30, adem\u00e1s, tendr\u00e1 lugar la presentaci\u00f3n del libro Primera antolog\u00eda de grabados de Cerde\u00f1a y Argentina, Grabados-Incisioni. La iniciativa es organizada por el Centro Cultural El C\u00e1ntaro, de Parque Patricios, y el Grupo Humano Paran\u00e1.<\/p>\n\n\n\n<p class=\"wp-block-paragraph\">Uno de los responsables de la propuesta es Guillermo Hennekens. \u201cEl Centro Cultural El C\u00e1ntaro trabaja desde hace muchos a\u00f1os en Buenos Aires. Lo animan una docente y grabadora reconocida como Liliana Esteban y un gestor cultural con tradici\u00f3n en sectores populares como Marcelo Bagnati\u201d, le dijo a Tekoha, ante de subrayar que \u201ces un espacio ubicado en el barrio de Parque Patricios (Avenida Caseros 2516), que ofrece talleres art\u00edsticos, muestras de arte, exposiciones y eventos comunitarios con entrada libre y gratuita. Es enorme, siempre activo. Se definen como un espacio art\u00edstico y cultural aut\u00f3nomo, autogestivo y vecinal\u201d.<\/p>\n\n\n\n<p class=\"wp-block-paragraph\">El artista coment\u00f3 tambi\u00e9n que desde CABA \u201chan hecho un v\u00ednculo con grabadores de Cerde\u00f1a, lo que deriv\u00f3 en una integraci\u00f3n formidable, con una muestra de artistas de los dos pa\u00edses. Producto de ese trabajo mancomunado se publica un libro, a cargo de ArsEt, cuya edici\u00f3n est\u00e1 a cargo de Diego Lazcano. ArsEt Ediciones es una editorial que se dedica a promover y difundir proyectos colectivos de gr\u00e1fica y poes\u00eda visual experimental\u201d.<\/p>\n\n\n\n<p class=\"wp-block-paragraph\">Ante una consulta, indic\u00f3 que \u201cel libro tiene 132 p\u00e1ginas\u201d y que \u201ces una antolog\u00eda de grabados de Argentina y Cerde\u00f1a. Una edici\u00f3n biling\u00fce que documenta las exposiciones organizadas en Buenos Aires y en Porto Torres, Cerde\u00f1a, Italia, por el Centro Cultural El C\u00e1ntaro de Buenos Aires y la Associazione Laboratorio Xilografico Dettori de Cerde\u00f1a\u201d.<\/p>\n\n\n\n<div class=\"wp-block-columns is-layout-flex wp-container-core-columns-is-layout-8f761849 wp-block-columns-is-layout-flex\">\n<div class=\"wp-block-column is-layout-flow wp-block-column-is-layout-flow\">\n<figure class=\"wp-block-image size-large\"><img loading=\"lazy\" decoding=\"async\" width=\"748\" height=\"1024\" src=\"https:\/\/tekohaparana.com.ar\/web\/wp-content\/uploads\/2026\/08\/Grabado-4-1-748x1024.jpg\" alt=\"\" class=\"wp-image-3579\"\/><\/figure>\n<\/div>\n\n\n\n<div class=\"wp-block-column is-layout-flow wp-block-column-is-layout-flow\">\n<figure class=\"wp-block-image size-large\"><img loading=\"lazy\" decoding=\"async\" width=\"746\" height=\"1024\" src=\"https:\/\/tekohaparana.com.ar\/web\/wp-content\/uploads\/2026\/08\/Grabado-5-746x1024.jpg\" alt=\"\" class=\"wp-image-3580\"\/><\/figure>\n<\/div>\n<\/div>\n\n\n\n<p class=\"wp-block-paragraph\"><\/p>\n\n\n\n<p class=\"wp-block-paragraph\"><\/p>\n\n\n\n<p class=\"wp-block-paragraph\"><strong>\u2013\u00bfCu\u00e1ntas obras estar\u00e1n expuestas?<\/strong><\/p>\n\n\n\n<p class=\"wp-block-paragraph\">\u2013Son 54, de mediano formato. De 40 por 60 cm, aproximadamente. Son trabajos grandes, importantes, sin marco: van a estar suspendidos en el hall del centro cultural. Luego de la inauguraci\u00f3n est\u00e1 previsto que se hagan visitas guiadas con delegaciones escolares. Naturalmente se la puede recorrer de manera libre y gratuita.<\/p>\n\n\n\n<p class=\"wp-block-paragraph\"><\/p>\n\n\n\n<p class=\"wp-block-paragraph\"><strong>\u2013\u00bfQu\u00e9 significado tiene la muestra para la ciudad?<\/strong><\/p>\n\n\n\n<p class=\"wp-block-paragraph\">\u2013Es la primera de estas caracter\u00edsticas que se hace en Paran\u00e1. Es el producto de un trabajo compartido entre dos centros culturales de Argentia e Italia. En la muestra se hermana el oficio ancestral de la xilograf\u00eda, una t\u00e9cnica de grabado e impresi\u00f3n en relieve que utiliza una plancha o matriz de madera para transferir una imagen o texto a un soporte como papel o tela.<\/p>\n\n\n\n<p class=\"wp-block-paragraph\">La idea es que p\u00fablicos amplios puedan entender y disfrutar de la obra de artistas significativos que comparten el af\u00e1n por las t\u00e9cnicas de la incisi\u00f3n. De alguna manera, se recrea la met\u00e1fora de las corrientes migratorias.<\/p>\n\n\n\n<p class=\"wp-block-paragraph\">Naturalmente la actividad tiene un p\u00fablico orientado: los artistas, los que aman el arte visual y la comunidad universitaria, porque hay carreras en la ciudad que desarrollan contenidos vinculados al arte. Por fuera de eso, siempre hay asistentes curiosos que se suman a estas propuestas.<\/p>\n\n\n\n<p class=\"wp-block-paragraph\"><\/p>\n\n\n\n<p class=\"wp-block-paragraph\"><strong>\u2013\u00bfQu\u00e9 otro campo de interacci\u00f3n abre esta actividad?<\/strong><\/p>\n\n\n\n<p class=\"wp-block-paragraph\">\u2013Desde el Centro Cultural El c\u00e1ntaro y el Grupo Humano Paran\u00e1 aspiramos a crear un conversatorio sobre los modos de entender el grabado, la imagen art\u00edstica, el contexto en el que vivimos, la necesidad de hacer muestras abiertas, colectivas, participativas, en un espacio emblem\u00e1tico de nuestra ciudad, probablemente el m\u00e1s querido de todos, que luce b\u00e1rbaro con esta \u00faltima puesta en valor.<\/p>\n\n\n\n<p class=\"wp-block-paragraph\">El tiempo dir\u00e1 en qu\u00e9 otras aventuras nos encontrar\u00e1 involucrados.<\/p>\n","protected":false},"excerpt":{"rendered":"<p>Por dos semanas, medio centenar de grabados de artistas argentinos e italianos quedar\u00e1n expuestos en el hall del Centro Cultural Juan L. Ortiz, Racedo 250, desde este jueves. La ceremonia de apertura se iniciar\u00e1 a las 18.30, oportunidad en la que se presentar\u00e1 un libro con producciones de artistas que sostienen la muestra. La actividad [&hellip;]<\/p>\n","protected":false},"author":5,"featured_media":3577,"comment_status":"closed","ping_status":"closed","sticky":false,"template":"","format":"standard","meta":{"_et_pb_use_builder":"","_et_pb_old_content":"","_et_gb_content_width":"","footnotes":""},"categories":[6,7,32],"tags":[],"class_list":["post-3576","post","type-post","status-publish","format-standard","has-post-thumbnail","hentry","category-artes","category-cultura","category-slides"],"_links":{"self":[{"href":"https:\/\/tekohaparana.com.ar\/web\/wp-json\/wp\/v2\/posts\/3576","targetHints":{"allow":["GET"]}}],"collection":[{"href":"https:\/\/tekohaparana.com.ar\/web\/wp-json\/wp\/v2\/posts"}],"about":[{"href":"https:\/\/tekohaparana.com.ar\/web\/wp-json\/wp\/v2\/types\/post"}],"author":[{"embeddable":true,"href":"https:\/\/tekohaparana.com.ar\/web\/wp-json\/wp\/v2\/users\/5"}],"replies":[{"embeddable":true,"href":"https:\/\/tekohaparana.com.ar\/web\/wp-json\/wp\/v2\/comments?post=3576"}],"version-history":[{"count":5,"href":"https:\/\/tekohaparana.com.ar\/web\/wp-json\/wp\/v2\/posts\/3576\/revisions"}],"predecessor-version":[{"id":3588,"href":"https:\/\/tekohaparana.com.ar\/web\/wp-json\/wp\/v2\/posts\/3576\/revisions\/3588"}],"wp:featuredmedia":[{"embeddable":true,"href":"https:\/\/tekohaparana.com.ar\/web\/wp-json\/wp\/v2\/media\/3577"}],"wp:attachment":[{"href":"https:\/\/tekohaparana.com.ar\/web\/wp-json\/wp\/v2\/media?parent=3576"}],"wp:term":[{"taxonomy":"category","embeddable":true,"href":"https:\/\/tekohaparana.com.ar\/web\/wp-json\/wp\/v2\/categories?post=3576"},{"taxonomy":"post_tag","embeddable":true,"href":"https:\/\/tekohaparana.com.ar\/web\/wp-json\/wp\/v2\/tags?post=3576"}],"curies":[{"name":"wp","href":"https:\/\/api.w.org\/{rel}","templated":true}]}}