{"id":3600,"date":"2026-09-04T09:00:00","date_gmt":"2026-09-04T09:00:00","guid":{"rendered":"https:\/\/tekohaparana.com.ar\/web\/?p=3600"},"modified":"2026-09-04T00:07:31","modified_gmt":"2026-09-04T00:07:31","slug":"por-el-parque-del-brazo-de-juanele","status":"publish","type":"post","link":"https:\/\/tekohaparana.com.ar\/web\/por-el-parque-del-brazo-de-juanele\/","title":{"rendered":"Por el Parque, del brazo de Juanele\u00a0\u00a0\u00a0\u00a0\u00a0\u00a0\u00a0\u00a0\u00a0\u00a0\u00a0\u00a0\u00a0\u00a0"},"content":{"rendered":"\n<h2 class=\"wp-block-heading\">Vestido de sus poemas, Juan L. Ortiz espera a sus lectores para un recorrido delicioso, que se iniciar\u00e1 a las 16 del s\u00e1bado 5, desde Mitre y Buenos Aires. La iniciativa es organizada por las editoriales de la UNER y la Municipalidad de Paran\u00e1. La propuesta es gratuita, abierta a todo tipo de interesados.<\/h2>\n\n\n\n<p class=\"wp-block-paragraph\"><\/p>\n\n\n\n<p class=\"wp-block-paragraph\">Artesanal y c\u00f3smica, la poes\u00eda de Juan Laurentino Ortiz es una sombra fresca que cada tanto merodea por algunos de los atajos que camin\u00f3, como desliz\u00e1ndose. Su tono contemplativo y musical fluyen lentos, ba\u00f1ados de una peculiar luminosidad; sin embargo, llegan a tiempo para capturar las alteraciones sutiles de un atardecer o el tr\u00e1nsito leve de las estaciones. A ciertas horas del d\u00eda, hay un murmullo juaneliano que suspiran los sauces meci\u00e9ndose, un roc\u00edo litoral que precipita en refinado registro, un aroma sereno a islas ind\u00f3mitas, un sosiego de barrancas que buscan la confluencia de r\u00edo y sensibilidad social y humana.<\/p>\n\n\n\n<p class=\"wp-block-paragraph\">Juan L. Ortiz naci\u00f3 en 1896, hace 130 a\u00f1os, en Puerto Ruiz. Muri\u00f3 en Paran\u00e1, donde residi\u00f3 buena parte de su vida, en 1978, el 2 de septiembre. Fue un destacado escritor y traductor argentino, considerado por Juan Jos\u00e9 Saer como el poeta m\u00e1s grande de la Argentina en el siglo XX.<\/p>\n\n\n\n<figure class=\"wp-block-image size-large\"><img loading=\"lazy\" decoding=\"async\" width=\"1024\" height=\"768\" src=\"https:\/\/tekohaparana.com.ar\/web\/wp-content\/uploads\/2026\/09\/Juanele-2-1024x768.jpg\" alt=\"\" class=\"wp-image-3602\" srcset=\"https:\/\/tekohaparana.com.ar\/web\/wp-content\/uploads\/2026\/09\/Juanele-2-980x551.jpg 980w, https:\/\/tekohaparana.com.ar\/web\/wp-content\/uploads\/2026\/09\/Juanele-2-480x270.jpg 480w\" sizes=\"(min-width: 0px) and (max-width: 480px) 480px, (min-width: 481px) and (max-width: 980px) 980px, (min-width: 981px) 1024px, 100vw\" \/><\/figure>\n\n\n\n<p class=\"wp-block-paragraph\"><\/p>\n\n\n\n<p class=\"wp-block-paragraph\">La intersecci\u00f3n de fechas ser\u00e1 celebrada este s\u00e1bado 5 de septiembre, cuando un grupo entusiasta de lectores, divulgadores e int\u00e9rpretes de su obra se encuentren a las 16, en Mitre y Buenos Aires, para emprender una nueva edici\u00f3n de \u201cParan\u00e1 lee: recorridos literarios\u201d. La actividad es libre, gratuita y abierta a todo p\u00fablico.<\/p>\n\n\n\n<p class=\"wp-block-paragraph\">Leer en voz alta a Ortiz y escuchar su poes\u00eda es una experiencia fant\u00e1stica. As\u00ed es m\u00e1s sencillo percibir c\u00f3mo sus versos imitan la respiraci\u00f3n lenta, serpentina e incesante del agua. La expresi\u00f3n oral puede auscultar, adem\u00e1s, en el pulso antojadizo del viento.<\/p>\n\n\n\n<p class=\"wp-block-paragraph\">Al ser dichos con calma, los silencios, las pausas del poema delinean un trazo leve, de matices m\u00ednimos. En definitiva, la del s\u00e1bado es una invitaci\u00f3n que vale la pena considerar.<\/p>\n\n\n\n<figure class=\"wp-block-image size-large\"><img loading=\"lazy\" decoding=\"async\" width=\"1024\" height=\"683\" src=\"https:\/\/tekohaparana.com.ar\/web\/wp-content\/uploads\/2026\/09\/Juanele-1-1024x683.jpg\" alt=\"\" class=\"wp-image-3603\" srcset=\"https:\/\/tekohaparana.com.ar\/web\/wp-content\/uploads\/2026\/09\/Juanele-1-980x551.jpg 980w, https:\/\/tekohaparana.com.ar\/web\/wp-content\/uploads\/2026\/09\/Juanele-1-480x270.jpg 480w\" sizes=\"(min-width: 0px) and (max-width: 480px) 480px, (min-width: 481px) and (max-width: 980px) 980px, (min-width: 981px) 1024px, 100vw\" \/><\/figure>\n\n\n\n<p class=\"wp-block-paragraph\"><\/p>\n\n\n\n<p class=\"wp-block-paragraph\">\u201cParan\u00e1 lee: recorridos literarios\u201d es una iniciativa conjunta de la Editorial de la Universidad Nacional de Entre R\u00edos y la Editorial Municipal de Paran\u00e1. Consiste en caminatas guiadas por animadores y animadoras de la lectura que comparten con el p\u00fablico textos que construyen narraciones sobre la ciudad y sus patrimonios culturales e hist\u00f3ricos, materiales e inmateriales. De ese modo, se invita a reconocer la ciudad con una mirada transformada por la literatura y se convoca a conocer piezas literarias vinculadas al espacio urbano.<\/p>\n\n\n\n<p class=\"wp-block-paragraph\">Los recorridos suelen ser organizados, adem\u00e1s, junto a centros culturales, bibliotecas populares e instituciones p\u00fablicas y comunitarias. En este caso, la organizaci\u00f3n ha sumado al Instituto de Estudios Avanzados del Litoral, de la Universidad Nacional del Litoral.<\/p>\n\n\n\n<p class=\"wp-block-paragraph\">Desde 2021, cuando se inici\u00f3 el proyecto, se han realizado alrededor de 20 recorridos literarios. En 2023, \u201cParan\u00e1 lee: recorridos literarios\u201d obtuvo el segundo premio en la categor\u00eda Sociedad de los Premios VivaLectura, llevados adelante por el Ministerio&nbsp;de Educaci\u00f3n de la Naci\u00f3n, la Organizaci\u00f3n de Estados Iberoamericanos y la Fundaci\u00f3n Santillana.&nbsp;<\/p>\n","protected":false},"excerpt":{"rendered":"<p>Vestido de sus poemas, Juan L. Ortiz espera a sus lectores para un recorrido delicioso, que se iniciar\u00e1 a las 16 del s\u00e1bado 5, desde Mitre y Buenos Aires. La iniciativa es organizada por las editoriales de la UNER y la Municipalidad de Paran\u00e1. La propuesta es gratuita, abierta a todo tipo de interesados. Artesanal [&hellip;]<\/p>\n","protected":false},"author":5,"featured_media":3601,"comment_status":"closed","ping_status":"closed","sticky":false,"template":"","format":"standard","meta":{"_et_pb_use_builder":"","_et_pb_old_content":"","_et_gb_content_width":"","footnotes":""},"categories":[7],"tags":[],"class_list":["post-3600","post","type-post","status-publish","format-standard","has-post-thumbnail","hentry","category-cultura"],"_links":{"self":[{"href":"https:\/\/tekohaparana.com.ar\/web\/wp-json\/wp\/v2\/posts\/3600","targetHints":{"allow":["GET"]}}],"collection":[{"href":"https:\/\/tekohaparana.com.ar\/web\/wp-json\/wp\/v2\/posts"}],"about":[{"href":"https:\/\/tekohaparana.com.ar\/web\/wp-json\/wp\/v2\/types\/post"}],"author":[{"embeddable":true,"href":"https:\/\/tekohaparana.com.ar\/web\/wp-json\/wp\/v2\/users\/5"}],"replies":[{"embeddable":true,"href":"https:\/\/tekohaparana.com.ar\/web\/wp-json\/wp\/v2\/comments?post=3600"}],"version-history":[{"count":1,"href":"https:\/\/tekohaparana.com.ar\/web\/wp-json\/wp\/v2\/posts\/3600\/revisions"}],"predecessor-version":[{"id":3604,"href":"https:\/\/tekohaparana.com.ar\/web\/wp-json\/wp\/v2\/posts\/3600\/revisions\/3604"}],"wp:featuredmedia":[{"embeddable":true,"href":"https:\/\/tekohaparana.com.ar\/web\/wp-json\/wp\/v2\/media\/3601"}],"wp:attachment":[{"href":"https:\/\/tekohaparana.com.ar\/web\/wp-json\/wp\/v2\/media?parent=3600"}],"wp:term":[{"taxonomy":"category","embeddable":true,"href":"https:\/\/tekohaparana.com.ar\/web\/wp-json\/wp\/v2\/categories?post=3600"},{"taxonomy":"post_tag","embeddable":true,"href":"https:\/\/tekohaparana.com.ar\/web\/wp-json\/wp\/v2\/tags?post=3600"}],"curies":[{"name":"wp","href":"https:\/\/api.w.org\/{rel}","templated":true}]}}